{"id":716,"date":"2024-11-30T17:32:02","date_gmt":"2024-11-30T15:32:02","guid":{"rendered":"http:\/\/www.oap-uaicf-paris.fr\/?p=716"},"modified":"2025-09-26T10:58:36","modified_gmt":"2025-09-26T08:58:36","slug":"concert-de-gala-annuel-2024","status":"publish","type":"post","link":"https:\/\/www.oap-uaicf-paris.fr\/?p=716","title":{"rendered":"Retour sur le concert de gala 2024"},"content":{"rendered":"\n<p>Le dimanche 1er d\u00e9cembre 2024 nous avons tenu notre traditionnel Concert Annuel au Th\u00e9\u00e2tre Traversi\u00e8re devant un public nombreux et enthousiaste.<\/p>\n\n\n\n<p>Comme d&rsquo;habitude, notre programme \u00e9tait tr\u00e8s riche. Nous avons jou\u00e9 du Bach, Piazzolla, Sibelius mais aussi une composition de notre directeur artistique Fabrice Petit, ainsi que des morceaux bien connus comme Funiculi funicula, Tico tico, La vie est belle et Hotel California.<\/p>\n\n\n\n<figure class=\"wp-block-image size-full\"><img loading=\"lazy\" decoding=\"async\" width=\"632\" height=\"890\" src=\"http:\/\/www.oap-uaicf-paris.fr\/wp-content\/uploads\/image-10.png\" alt=\"\" class=\"wp-image-717\" srcset=\"https:\/\/www.oap-uaicf-paris.fr\/wp-content\/uploads\/image-10.png 632w, https:\/\/www.oap-uaicf-paris.fr\/wp-content\/uploads\/image-10-213x300.png 213w\" sizes=\"auto, (max-width: 632px) 100vw, 632px\" \/><\/figure>\n","protected":false},"excerpt":{"rendered":"<p>Le dimanche 1er d\u00e9cembre 2024 nous avons tenu notre traditionnel Concert Annuel au Th\u00e9\u00e2tre Traversi\u00e8re devant un public nombreux et enthousiaste. Comme d&rsquo;habitude, notre programme \u00e9tait tr\u00e8s riche. Nous avons jou\u00e9 du Bach, Piazzolla, Sibelius mais aussi une composition de notre directeur artistique Fabrice Petit, ainsi que des morceaux bien connus comme Funiculi funicula, Tico &hellip; <a href=\"https:\/\/www.oap-uaicf-paris.fr\/?p=716\" class=\"more-link\">Continuer la lecture de <span class=\"screen-reader-text\">Retour sur le concert de gala 2024<\/span> <span class=\"meta-nav\">&rarr;<\/span><\/a><\/p>\n","protected":false},"author":4,"featured_media":0,"comment_status":"closed","ping_status":"open","sticky":false,"template":"","format":"standard","meta":{"footnotes":""},"categories":[1],"tags":[],"class_list":["post-716","post","type-post","status-publish","format-standard","hentry","category-news"],"_links":{"self":[{"href":"https:\/\/www.oap-uaicf-paris.fr\/index.php?rest_route=\/wp\/v2\/posts\/716","targetHints":{"allow":["GET"]}}],"collection":[{"href":"https:\/\/www.oap-uaicf-paris.fr\/index.php?rest_route=\/wp\/v2\/posts"}],"about":[{"href":"https:\/\/www.oap-uaicf-paris.fr\/index.php?rest_route=\/wp\/v2\/types\/post"}],"author":[{"embeddable":true,"href":"https:\/\/www.oap-uaicf-paris.fr\/index.php?rest_route=\/wp\/v2\/users\/4"}],"replies":[{"embeddable":true,"href":"https:\/\/www.oap-uaicf-paris.fr\/index.php?rest_route=%2Fwp%2Fv2%2Fcomments&post=716"}],"version-history":[{"count":10,"href":"https:\/\/www.oap-uaicf-paris.fr\/index.php?rest_route=\/wp\/v2\/posts\/716\/revisions"}],"predecessor-version":[{"id":914,"href":"https:\/\/www.oap-uaicf-paris.fr\/index.php?rest_route=\/wp\/v2\/posts\/716\/revisions\/914"}],"wp:attachment":[{"href":"https:\/\/www.oap-uaicf-paris.fr\/index.php?rest_route=%2Fwp%2Fv2%2Fmedia&parent=716"}],"wp:term":[{"taxonomy":"category","embeddable":true,"href":"https:\/\/www.oap-uaicf-paris.fr\/index.php?rest_route=%2Fwp%2Fv2%2Fcategories&post=716"},{"taxonomy":"post_tag","embeddable":true,"href":"https:\/\/www.oap-uaicf-paris.fr\/index.php?rest_route=%2Fwp%2Fv2%2Ftags&post=716"}],"curies":[{"name":"wp","href":"https:\/\/api.w.org\/{rel}","templated":true}]}}