{"id":938,"date":"2025-10-28T13:01:58","date_gmt":"2025-10-28T11:01:58","guid":{"rendered":"https:\/\/www.oap-uaicf-paris.fr\/?p=938"},"modified":"2026-01-22T11:13:27","modified_gmt":"2026-01-22T09:13:27","slug":"concert-de-gala-2025","status":"publish","type":"post","link":"https:\/\/www.oap-uaicf-paris.fr\/?p=938","title":{"rendered":"Concert de gala 2025"},"content":{"rendered":"\n<p>Encore un beau concert cette ann\u00e9e, sous l&rsquo;\u00e9gide de notre directeur musical Fabrice Petit et notre nouveau Pr\u00e9sident (et musicien) Philippe Brugnoni !<\/p>\n\n\n\n<figure class=\"wp-block-image size-large\"><img loading=\"lazy\" decoding=\"async\" width=\"724\" height=\"1024\" src=\"http:\/\/www.oap-uaicf-paris.fr\/wp-content\/uploads\/Affiche-OAP-concert-de-gala-2025-1-pdf-724x1024.jpg\" alt=\"\" class=\"wp-image-943\"\/><\/figure>\n\n\n\n<p><\/p>\n\n\n\n<p><\/p>\n\n\n\n<p><\/p>\n","protected":false},"excerpt":{"rendered":"<p>Encore un beau concert cette ann\u00e9e, sous l&rsquo;\u00e9gide de notre directeur musical Fabrice Petit et notre nouveau Pr\u00e9sident (et musicien) Philippe Brugnoni !<\/p>\n","protected":false},"author":4,"featured_media":0,"comment_status":"closed","ping_status":"open","sticky":false,"template":"","format":"standard","meta":{"footnotes":""},"categories":[1],"tags":[],"class_list":["post-938","post","type-post","status-publish","format-standard","hentry","category-news"],"_links":{"self":[{"href":"https:\/\/www.oap-uaicf-paris.fr\/index.php?rest_route=\/wp\/v2\/posts\/938","targetHints":{"allow":["GET"]}}],"collection":[{"href":"https:\/\/www.oap-uaicf-paris.fr\/index.php?rest_route=\/wp\/v2\/posts"}],"about":[{"href":"https:\/\/www.oap-uaicf-paris.fr\/index.php?rest_route=\/wp\/v2\/types\/post"}],"author":[{"embeddable":true,"href":"https:\/\/www.oap-uaicf-paris.fr\/index.php?rest_route=\/wp\/v2\/users\/4"}],"replies":[{"embeddable":true,"href":"https:\/\/www.oap-uaicf-paris.fr\/index.php?rest_route=%2Fwp%2Fv2%2Fcomments&post=938"}],"version-history":[{"count":10,"href":"https:\/\/www.oap-uaicf-paris.fr\/index.php?rest_route=\/wp\/v2\/posts\/938\/revisions"}],"predecessor-version":[{"id":958,"href":"https:\/\/www.oap-uaicf-paris.fr\/index.php?rest_route=\/wp\/v2\/posts\/938\/revisions\/958"}],"wp:attachment":[{"href":"https:\/\/www.oap-uaicf-paris.fr\/index.php?rest_route=%2Fwp%2Fv2%2Fmedia&parent=938"}],"wp:term":[{"taxonomy":"category","embeddable":true,"href":"https:\/\/www.oap-uaicf-paris.fr\/index.php?rest_route=%2Fwp%2Fv2%2Fcategories&post=938"},{"taxonomy":"post_tag","embeddable":true,"href":"https:\/\/www.oap-uaicf-paris.fr\/index.php?rest_route=%2Fwp%2Fv2%2Ftags&post=938"}],"curies":[{"name":"wp","href":"https:\/\/api.w.org\/{rel}","templated":true}]}}